{"id":54624,"date":"2019-07-29T12:17:43","date_gmt":"2019-07-29T10:17:43","guid":{"rendered":"https:\/\/www.aquarium-munster.com\/?p=54624"},"modified":"2019-10-07T10:39:35","modified_gmt":"2019-10-07T08:39:35","slug":"internationale-l-wels-tage-2019","status":"publish","type":"post","link":"https:\/\/www.aquarium-munster.com\/pt-br\/internationale-l-wels-tage-2019\/","title":{"rendered":"Internationale L-Wels-Tage 2019"},"content":{"rendered":"<p>[et_pb_section fb_built=&#8221;1&#8243; fullwidth=&#8221;on&#8221; _builder_version=&#8221;3.22&#8243; background_image=&#8221;https:\/\/www.aquarium-munster.com\/wp-content\/uploads\/2017\/11\/Header-Wabenschilderwels.jpg&#8221; custom_padding=&#8221;0px|0px|63px|0px|false|false&#8221; bb_built=&#8221;1&#8243; _i=&#8221;0&#8243; _address=&#8221;0&#8243;][et_pb_fullwidth_post_title title=&#8221;off&#8221; meta=&#8221;off&#8221; date_format=&#8221;Y-m-d&#8221; featured_image=&#8221;off&#8221; text_color=&#8221;light&#8221; _builder_version=&#8221;3.19.15&#8243; title_text_align=&#8221;center&#8221; meta_text_align=&#8221;center&#8221; custom_padding=&#8221;||6%|&#8221; _i=&#8221;0&#8243; _address=&#8221;0.0&#8243;][\/et_pb_fullwidth_post_title][\/et_pb_section][et_pb_section fb_built=&#8221;1&#8243; _builder_version=&#8221;3.22&#8243; custom_padding=&#8221;0|0px|0px|0px|false|false&#8221; bb_built=&#8221;1&#8243; _i=&#8221;1&#8243; _address=&#8221;1&#8243;][et_pb_row _builder_version=&#8221;3.25&#8243; background_size=&#8221;initial&#8221; background_position=&#8221;top_left&#8221; background_repeat=&#8221;repeat&#8221; custom_padding=&#8221;30px|0px|0px|0px&#8221; _i=&#8221;0&#8243; _address=&#8221;1.0&#8243;][et_pb_column type=&#8221;4_4&#8243; _builder_version=&#8221;3.25&#8243; custom_padding=&#8221;|||&#8221; _i=&#8221;0&#8243; _address=&#8221;1.0.0&#8243; custom_padding__hover=&#8221;|||&#8221;][et_pb_image src=&#8221;https:\/\/www.aquarium-munster.com\/wp-content\/uploads\/2019\/07\/Newsteaser-L-Wels-Tage-2019.jpg&#8221; align_tablet=&#8221;center&#8221; align_last_edited=&#8221;on|desktop&#8221; _builder_version=&#8221;3.23&#8243; z_index_tablet=&#8221;500&#8243; box_shadow_horizontal_tablet=&#8221;0px&#8221; box_shadow_vertical_tablet=&#8221;0px&#8221; box_shadow_blur_tablet=&#8221;40px&#8221; box_shadow_spread_tablet=&#8221;0px&#8221; _i=&#8221;0&#8243; _address=&#8221;1.0.0.0&#8243;][\/et_pb_image][\/et_pb_column][\/et_pb_row][et_pb_row _builder_version=&#8221;3.25&#8243; background_size=&#8221;initial&#8221; background_position=&#8221;top_left&#8221; background_repeat=&#8221;repeat&#8221; custom_padding=&#8221;30px|0px|0px|0px&#8221; _i=&#8221;1&#8243; _address=&#8221;1.1&#8243;][et_pb_column type=&#8221;4_4&#8243; _builder_version=&#8221;3.25&#8243; custom_padding=&#8221;|||&#8221; _i=&#8221;0&#8243; _address=&#8221;1.1.0&#8243; custom_padding__hover=&#8221;|||&#8221;][et_pb_text _builder_version=&#8221;3.28&#8243; z_index_tablet=&#8221;500&#8243; hover_enabled=&#8221;0&#8243; text_text_shadow_horizontal_length_tablet=&#8221;0px&#8221; text_text_shadow_vertical_length_tablet=&#8221;0px&#8221; text_text_shadow_blur_strength_tablet=&#8221;1px&#8221; link_text_shadow_horizontal_length_tablet=&#8221;0px&#8221; link_text_shadow_vertical_length_tablet=&#8221;0px&#8221; link_text_shadow_blur_strength_tablet=&#8221;1px&#8221; ul_text_shadow_horizontal_length_tablet=&#8221;0px&#8221; ul_text_shadow_vertical_length_tablet=&#8221;0px&#8221; ul_text_shadow_blur_strength_tablet=&#8221;1px&#8221; ol_text_shadow_horizontal_length_tablet=&#8221;0px&#8221; ol_text_shadow_vertical_length_tablet=&#8221;0px&#8221; ol_text_shadow_blur_strength_tablet=&#8221;1px&#8221; quote_text_shadow_horizontal_length_tablet=&#8221;0px&#8221; quote_text_shadow_vertical_length_tablet=&#8221;0px&#8221; quote_text_shadow_blur_strength_tablet=&#8221;1px&#8221; header_text_shadow_horizontal_length_tablet=&#8221;0px&#8221; header_text_shadow_vertical_length_tablet=&#8221;0px&#8221; header_text_shadow_blur_strength_tablet=&#8221;1px&#8221; header_2_text_shadow_horizontal_length_tablet=&#8221;0px&#8221; header_2_text_shadow_vertical_length_tablet=&#8221;0px&#8221; header_2_text_shadow_blur_strength_tablet=&#8221;1px&#8221; header_3_text_shadow_horizontal_length_tablet=&#8221;0px&#8221; header_3_text_shadow_vertical_length_tablet=&#8221;0px&#8221; header_3_text_shadow_blur_strength_tablet=&#8221;1px&#8221; header_4_text_shadow_horizontal_length_tablet=&#8221;0px&#8221; header_4_text_shadow_vertical_length_tablet=&#8221;0px&#8221; header_4_text_shadow_blur_strength_tablet=&#8221;1px&#8221; header_5_text_shadow_horizontal_length_tablet=&#8221;0px&#8221; header_5_text_shadow_vertical_length_tablet=&#8221;0px&#8221; header_5_text_shadow_blur_strength_tablet=&#8221;1px&#8221; header_6_text_shadow_horizontal_length_tablet=&#8221;0px&#8221; header_6_text_shadow_vertical_length_tablet=&#8221;0px&#8221; header_6_text_shadow_blur_strength_tablet=&#8221;1px&#8221; box_shadow_horizontal_tablet=&#8221;0px&#8221; box_shadow_vertical_tablet=&#8221;0px&#8221; box_shadow_blur_tablet=&#8221;40px&#8221; box_shadow_spread_tablet=&#8221;0px&#8221; _i=&#8221;0&#8243; _address=&#8221;1.1.0.0&#8243;]<\/p>\n<p>Im Oktober 2019 werden in Hannover die Internationalen L-Wels-Tage stattfinden.\u00a0<\/p>\n<p>Es haben sich bereits Teilnehmer aus 14 verschiedenen L\u00e4ndern angemeldet. Es gibt wie immer hochkar\u00e4tige Vortr\u00e4ge von international bekannten Pers\u00f6nlichkeiten und reichlich Gelegenheit zum Erfahrungsaustausch.\u00a0<\/p>\n<p>Wir freuen uns, diese tolle Veranstaltung zu unterst\u00fctzen. Wir sind wie in den vergangenen Jahren Sponsor.<\/p>\n<p>[\/et_pb_text][\/et_pb_column][\/et_pb_row][et_pb_row _builder_version=&#8221;3.25&#8243; background_size=&#8221;initial&#8221; background_position=&#8221;top_left&#8221; background_repeat=&#8221;repeat&#8221; _i=&#8221;2&#8243; _address=&#8221;1.2&#8243;][et_pb_column type=&#8221;4_4&#8243; _builder_version=&#8221;3.25&#8243; custom_padding=&#8221;|||&#8221; _i=&#8221;0&#8243; _address=&#8221;1.2.0&#8243; custom_padding__hover=&#8221;|||&#8221;][et_pb_post_nav in_same_term=&#8221;off&#8221; prev_text=&#8221;%title&#8221; next_text=&#8221;%title&#8221; _builder_version=&#8221;3.17.6&#8243; _i=&#8221;0&#8243; _address=&#8221;1.2.0.0&#8243;][\/et_pb_post_nav][\/et_pb_column][\/et_pb_row][\/et_pb_section]<\/p>\n","protected":false},"excerpt":{"rendered":"<p>Im Oktober 2019 werden in Hannover die Internationalen L-Wels-Tage stattfinden.\u00a0 Es haben sich bereits Teilnehmer aus 14 verschiedenen L\u00e4ndern angemeldet. Es gibt wie immer hochkar\u00e4tige Vortr\u00e4ge von international bekannten Pers\u00f6nlichkeiten und reichlich Gelegenheit zum Erfahrungsaustausch.\u00a0 Wir freuen uns, diese tolle Veranstaltung zu unterst\u00fctzen. Wir sind wie in den vergangenen Jahren Sponsor.<\/p>\n","protected":false},"author":2,"featured_media":54627,"comment_status":"closed","ping_status":"closed","sticky":false,"template":"","format":"standard","meta":{"_et_pb_use_builder":"on","_et_pb_old_content":"","_et_gb_content_width":"","ngg_post_thumbnail":0,"footnotes":""},"categories":[14],"tags":[206,205],"class_list":["post-54624","post","type-post","status-publish","format-standard","has-post-thumbnail","hentry","category-news","tag-hannover","tag-l-wels-tage"],"_links":{"self":[{"href":"https:\/\/www.aquarium-munster.com\/pt-br\/wp-json\/wp\/v2\/posts\/54624","targetHints":{"allow":["GET"]}}],"collection":[{"href":"https:\/\/www.aquarium-munster.com\/pt-br\/wp-json\/wp\/v2\/posts"}],"about":[{"href":"https:\/\/www.aquarium-munster.com\/pt-br\/wp-json\/wp\/v2\/types\/post"}],"author":[{"embeddable":true,"href":"https:\/\/www.aquarium-munster.com\/pt-br\/wp-json\/wp\/v2\/users\/2"}],"replies":[{"embeddable":true,"href":"https:\/\/www.aquarium-munster.com\/pt-br\/wp-json\/wp\/v2\/comments?post=54624"}],"version-history":[{"count":0,"href":"https:\/\/www.aquarium-munster.com\/pt-br\/wp-json\/wp\/v2\/posts\/54624\/revisions"}],"wp:featuredmedia":[{"embeddable":true,"href":"https:\/\/www.aquarium-munster.com\/pt-br\/wp-json\/wp\/v2\/media\/54627"}],"wp:attachment":[{"href":"https:\/\/www.aquarium-munster.com\/pt-br\/wp-json\/wp\/v2\/media?parent=54624"}],"wp:term":[{"taxonomy":"category","embeddable":true,"href":"https:\/\/www.aquarium-munster.com\/pt-br\/wp-json\/wp\/v2\/categories?post=54624"},{"taxonomy":"post_tag","embeddable":true,"href":"https:\/\/www.aquarium-munster.com\/pt-br\/wp-json\/wp\/v2\/tags?post=54624"}],"curies":[{"name":"wp","href":"https:\/\/api.w.org\/{rel}","templated":true}]}}