{"id":55039,"date":"2019-10-14T12:46:14","date_gmt":"2019-10-14T10:46:14","guid":{"rendered":"https:\/\/www.aquarium-munster.com\/?p=55039"},"modified":"2019-10-14T12:46:18","modified_gmt":"2019-10-14T10:46:18","slug":"internationale-l-wels-tage-2019-2","status":"publish","type":"post","link":"https:\/\/www.aquarium-munster.com\/pt-br\/internationale-l-wels-tage-2019-2\/","title":{"rendered":"Internationale L-Wels-Tage 2019"},"content":{"rendered":"<p>[et_pb_section fb_built=&#8221;1&#8243; fullwidth=&#8221;on&#8221; _builder_version=&#8221;3.28&#8243; background_image=&#8221;https:\/\/www.aquarium-munster.com\/wp-content\/uploads\/2019\/10\/Header-L-Wels-Tage-2019.jpg&#8221; custom_padding=&#8221;0px|0px|63px|0px|false|false&#8221; z_index_tablet=&#8221;500&#8243; hover_enabled=&#8221;0&#8243; box_shadow_horizontal_tablet=&#8221;0px&#8221; box_shadow_vertical_tablet=&#8221;0px&#8221; box_shadow_blur_tablet=&#8221;40px&#8221; box_shadow_spread_tablet=&#8221;0px&#8221; fb_built=&#8221;1&#8243; bb_built=&#8221;1&#8243; _i=&#8221;0&#8243; _address=&#8221;0&#8243;][et_pb_fullwidth_post_title title=&#8221;off&#8221; meta=&#8221;off&#8221; date_format=&#8221;Y-m-d&#8221; featured_image=&#8221;off&#8221; text_color=&#8221;light&#8221; _builder_version=&#8221;3.28&#8243; title_text_align=&#8221;center&#8221; meta_text_align=&#8221;center&#8221; custom_padding=&#8221;||6%|&#8221; hover_enabled=&#8221;0&#8243; _i=&#8221;0&#8243; _address=&#8221;0.0&#8243;]<br \/>\n[\/et_pb_fullwidth_post_title][\/et_pb_section][et_pb_section fb_built=&#8221;1&#8243; _builder_version=&#8221;3.22&#8243; custom_padding=&#8221;0|0px|0px|0px|false|false&#8221; fb_built=&#8221;1&#8243; bb_built=&#8221;1&#8243; _i=&#8221;1&#8243; _address=&#8221;1&#8243;][et_pb_row _builder_version=&#8221;3.25&#8243; background_size=&#8221;initial&#8221; background_position=&#8221;top_left&#8221; background_repeat=&#8221;repeat&#8221; custom_padding=&#8221;30px|0px|0px|0px&#8221; _i=&#8221;0&#8243; _address=&#8221;1.0&#8243;][et_pb_column type=&#8221;4_4&#8243; _builder_version=&#8221;3.0.47&#8243; custom_padding=&#8221;|||&#8221; custom_padding__hover=&#8221;|||&#8221; _i=&#8221;0&#8243; _address=&#8221;1.0.0&#8243;][et_pb_image src=&#8221;https:\/\/www.aquarium-munster.com\/wp-content\/uploads\/2019\/07\/Newsteaser-L-Wels-Tage-2019.jpg&#8221; align_tablet=&#8221;center&#8221; align_last_edited=&#8221;on|desktop&#8221; _builder_version=&#8221;3.28&#8243; z_index_tablet=&#8221;500&#8243; hover_enabled=&#8221;0&#8243; box_shadow_horizontal_tablet=&#8221;0px&#8221; box_shadow_vertical_tablet=&#8221;0px&#8221; box_shadow_blur_tablet=&#8221;40px&#8221; box_shadow_spread_tablet=&#8221;0px&#8221; _i=&#8221;0&#8243; _address=&#8221;1.0.0.0&#8243;]<br \/>\n[\/et_pb_image][\/et_pb_column][\/et_pb_row][et_pb_row _builder_version=&#8221;3.25&#8243; background_size=&#8221;initial&#8221; background_position=&#8221;top_left&#8221; background_repeat=&#8221;repeat&#8221; custom_padding=&#8221;30px|0px|0px|0px&#8221; _i=&#8221;1&#8243; _address=&#8221;1.1&#8243;][et_pb_column type=&#8221;4_4&#8243; _builder_version=&#8221;3.0.47&#8243; custom_padding=&#8221;|||&#8221; custom_padding__hover=&#8221;|||&#8221; _i=&#8221;0&#8243; _address=&#8221;1.1.0&#8243;][et_pb_text _builder_version=&#8221;3.28&#8243; z_index_tablet=&#8221;500&#8243; hover_enabled=&#8221;0&#8243; text_text_shadow_horizontal_length_tablet=&#8221;0px&#8221; text_text_shadow_vertical_length_tablet=&#8221;0px&#8221; text_text_shadow_blur_strength_tablet=&#8221;1px&#8221; link_text_shadow_horizontal_length_tablet=&#8221;0px&#8221; link_text_shadow_vertical_length_tablet=&#8221;0px&#8221; link_text_shadow_blur_strength_tablet=&#8221;1px&#8221; ul_text_shadow_horizontal_length_tablet=&#8221;0px&#8221; ul_text_shadow_vertical_length_tablet=&#8221;0px&#8221; ul_text_shadow_blur_strength_tablet=&#8221;1px&#8221; ol_text_shadow_horizontal_length_tablet=&#8221;0px&#8221; ol_text_shadow_vertical_length_tablet=&#8221;0px&#8221; ol_text_shadow_blur_strength_tablet=&#8221;1px&#8221; quote_text_shadow_horizontal_length_tablet=&#8221;0px&#8221; quote_text_shadow_vertical_length_tablet=&#8221;0px&#8221; quote_text_shadow_blur_strength_tablet=&#8221;1px&#8221; header_text_shadow_horizontal_length_tablet=&#8221;0px&#8221; header_text_shadow_vertical_length_tablet=&#8221;0px&#8221; header_text_shadow_blur_strength_tablet=&#8221;1px&#8221; header_2_text_shadow_horizontal_length_tablet=&#8221;0px&#8221; header_2_text_shadow_vertical_length_tablet=&#8221;0px&#8221; header_2_text_shadow_blur_strength_tablet=&#8221;1px&#8221; header_3_text_shadow_horizontal_length_tablet=&#8221;0px&#8221; header_3_text_shadow_vertical_length_tablet=&#8221;0px&#8221; header_3_text_shadow_blur_strength_tablet=&#8221;1px&#8221; header_4_text_shadow_horizontal_length_tablet=&#8221;0px&#8221; header_4_text_shadow_vertical_length_tablet=&#8221;0px&#8221; header_4_text_shadow_blur_strength_tablet=&#8221;1px&#8221; header_5_text_shadow_horizontal_length_tablet=&#8221;0px&#8221; header_5_text_shadow_vertical_length_tablet=&#8221;0px&#8221; header_5_text_shadow_blur_strength_tablet=&#8221;1px&#8221; header_6_text_shadow_horizontal_length_tablet=&#8221;0px&#8221; header_6_text_shadow_vertical_length_tablet=&#8221;0px&#8221; header_6_text_shadow_blur_strength_tablet=&#8221;1px&#8221; box_shadow_horizontal_tablet=&#8221;0px&#8221; box_shadow_vertical_tablet=&#8221;0px&#8221; box_shadow_blur_tablet=&#8221;40px&#8221; box_shadow_spread_tablet=&#8221;0px&#8221; _i=&#8221;0&#8243; _address=&#8221;1.1.0.0&#8243;]<\/p>\n<p>Dieses Jahr war auf den Internationalen L-Wels-Tagen in Hannover Welse der Gattung <em>Ancistrus<\/em> das Thema der meisten Vortr\u00e4ge. Wie in den letzten Jahren haben wir auch diese tolle Veranstaltung gesponsort.&nbsp;<\/p>\n<p>Teilnehmer von allen Ecken der Welt hatten sich zu dieser hochkar\u00e4tigen Veranstaltung angesagt. Eine interessante Mischung an Fachvortr\u00e4gen von Ichthyologen und namhaften Z\u00fcchtern beherrschte das Programm.<\/p>\n<p>Prof. Dr. Leandro Melo de Sousa von der Universit\u00e4t Par\u00e1 reiste aus Brasilien an, um \u00fcber seine Forschungen zu berichten. Besonders stolz sind wir darauf, dass dieser international anerkannte Wissenschaftler \u00fcber seine erstklassigen Erfahrungen mit DR. BASSLEER BIOFISH FOOD berichtet.&nbsp;<\/p>\n<p>&nbsp;<\/p>\nngg_shortcode_0_placeholder\n<p>[\/et_pb_text][\/et_pb_column][\/et_pb_row][et_pb_row _builder_version=&#8221;3.25&#8243; background_size=&#8221;initial&#8221; background_position=&#8221;top_left&#8221; background_repeat=&#8221;repeat&#8221; _i=&#8221;2&#8243; _address=&#8221;1.2&#8243;][et_pb_column type=&#8221;4_4&#8243; _builder_version=&#8221;3.0.47&#8243; custom_padding=&#8221;|||&#8221; custom_padding__hover=&#8221;|||&#8221; _i=&#8221;0&#8243; _address=&#8221;1.2.0&#8243;][et_pb_post_nav in_same_term=&#8221;off&#8221; prev_text=&#8221;%title&#8221; next_text=&#8221;%title&#8221; _builder_version=&#8221;3.17.6&#8243; _i=&#8221;0&#8243; _address=&#8221;1.2.0.0&#8243;]<br \/>\n[\/et_pb_post_nav][\/et_pb_column][\/et_pb_row][\/et_pb_section]<\/p>\n","protected":false},"excerpt":{"rendered":"<p>Dieses Jahr war auf den Internationalen L-Wels-Tagen in Hannover Welse der Gattung Ancistrus das Thema der meisten Vortr\u00e4ge. Wie in den letzten Jahren haben wir auch diese tolle Veranstaltung gesponsort.&nbsp; Teilnehmer von allen Ecken der Welt hatten sich zu dieser hochkar\u00e4tigen Veranstaltung angesagt. Eine interessante Mischung an Fachvortr\u00e4gen von Ichthyologen und namhaften Z\u00fcchtern beherrschte das [&hellip;]<\/p>\n","protected":false},"author":2,"featured_media":54627,"comment_status":"closed","ping_status":"closed","sticky":false,"template":"","format":"standard","meta":{"_et_pb_use_builder":"on","_et_pb_old_content":"","_et_gb_content_width":"","ngg_post_thumbnail":0,"footnotes":""},"categories":[9,14],"tags":[236,73,74,206,205,234,235],"class_list":["post-55039","post","type-post","status-publish","format-standard","has-post-thumbnail","hentry","category-messen","category-news","tag-ancistrus","tag-bassleer","tag-biofish-food","tag-hannover","tag-l-wels-tage","tag-leandro-sousa","tag-universitaet-para"],"_links":{"self":[{"href":"https:\/\/www.aquarium-munster.com\/pt-br\/wp-json\/wp\/v2\/posts\/55039","targetHints":{"allow":["GET"]}}],"collection":[{"href":"https:\/\/www.aquarium-munster.com\/pt-br\/wp-json\/wp\/v2\/posts"}],"about":[{"href":"https:\/\/www.aquarium-munster.com\/pt-br\/wp-json\/wp\/v2\/types\/post"}],"author":[{"embeddable":true,"href":"https:\/\/www.aquarium-munster.com\/pt-br\/wp-json\/wp\/v2\/users\/2"}],"replies":[{"embeddable":true,"href":"https:\/\/www.aquarium-munster.com\/pt-br\/wp-json\/wp\/v2\/comments?post=55039"}],"version-history":[{"count":0,"href":"https:\/\/www.aquarium-munster.com\/pt-br\/wp-json\/wp\/v2\/posts\/55039\/revisions"}],"wp:featuredmedia":[{"embeddable":true,"href":"https:\/\/www.aquarium-munster.com\/pt-br\/wp-json\/wp\/v2\/media\/54627"}],"wp:attachment":[{"href":"https:\/\/www.aquarium-munster.com\/pt-br\/wp-json\/wp\/v2\/media?parent=55039"}],"wp:term":[{"taxonomy":"category","embeddable":true,"href":"https:\/\/www.aquarium-munster.com\/pt-br\/wp-json\/wp\/v2\/categories?post=55039"},{"taxonomy":"post_tag","embeddable":true,"href":"https:\/\/www.aquarium-munster.com\/pt-br\/wp-json\/wp\/v2\/tags?post=55039"}],"curies":[{"name":"wp","href":"https:\/\/api.w.org\/{rel}","templated":true}]}}