{"id":55711,"date":"2020-05-07T19:04:19","date_gmt":"2020-05-07T17:04:19","guid":{"rendered":"https:\/\/www.aquarium-munster.com\/?p=55711"},"modified":"2020-05-07T19:04:23","modified_gmt":"2020-05-07T17:04:23","slug":"willkommen-moritz-pahlsmeier","status":"publish","type":"post","link":"https:\/\/www.aquarium-munster.com\/pt-br\/willkommen-moritz-pahlsmeier\/","title":{"rendered":"Willkommen Moritz Pahlsmeier"},"content":{"rendered":"<p>[et_pb_section fb_built=&#8221;1&#8243; fullwidth=&#8221;on&#8221; _builder_version=&#8221;3.22&#8243; background_image=&#8221;https:\/\/www.aquarium-munster.com\/wp-content\/uploads\/2017\/11\/Header-Wasser.jpg&#8221; custom_padding=&#8221;0px|0px|63px|0px|false|false&#8221;][et_pb_fullwidth_post_title title=&#8221;off&#8221; meta=&#8221;off&#8221; date_format=&#8221;Y-m-d&#8221; featured_image=&#8221;off&#8221; text_color=&#8221;light&#8221; _builder_version=&#8221;3.19.15&#8243; title_text_align=&#8221;center&#8221; meta_text_align=&#8221;center&#8221; custom_padding=&#8221;||6%|&#8221; hover_enabled=&#8221;0&#8243;]<br \/>\n[\/et_pb_fullwidth_post_title][\/et_pb_section][et_pb_section fb_built=&#8221;1&#8243; _builder_version=&#8221;3.22&#8243; custom_padding=&#8221;0|0px|0px|0px|false|false&#8221;][et_pb_row _builder_version=&#8221;3.25&#8243; background_size=&#8221;initial&#8221; background_position=&#8221;top_left&#8221; background_repeat=&#8221;repeat&#8221; custom_padding=&#8221;30px|0px|0px|0px&#8221;][et_pb_column type=&#8221;4_4&#8243; _builder_version=&#8221;3.25&#8243; custom_padding=&#8221;|||&#8221; custom_padding__hover=&#8221;|||&#8221;][et_pb_image src=&#8221;https:\/\/www.aquarium-munster.com\/wp-content\/uploads\/2020\/05\/Teaser-Moritz-Pahlsmeier.jpg&#8221; align_tablet=&#8221;center&#8221; align_phone=&#8221;&#8221; align_last_edited=&#8221;on|desktop&#8221; _builder_version=&#8221;4.3.2&#8243; hover_enabled=&#8221;0&#8243;]<br \/>\n[\/et_pb_image][\/et_pb_column][\/et_pb_row][et_pb_row _builder_version=&#8221;3.25&#8243; background_size=&#8221;initial&#8221; background_position=&#8221;top_left&#8221; background_repeat=&#8221;repeat&#8221; custom_padding=&#8221;30px|0px|0px|0px&#8221;][et_pb_column type=&#8221;4_4&#8243; _builder_version=&#8221;3.25&#8243; custom_padding=&#8221;|||&#8221; custom_padding__hover=&#8221;|||&#8221;][et_pb_text _builder_version=&#8221;4.3.2&#8243; hover_enabled=&#8221;0&#8243;]<\/p>\n<p>Mit Moritz Pahlsmeier kommt die vierte Generation in unser Unternehmen, das 1926 von seinem Urgro\u00dfvater gegr\u00fcndet wurde. Moritz war zuletzt im Export eines deutschen Markenanbieters f\u00fcr Holzfu\u00dfb\u00f6den und -dielen t\u00e4tig. Er liebt unsere Branche. Durch Reisen und Teilnahme an Fachmessen ist er vielen internationalen Kunden schon bekannt.&nbsp;<\/p>\n<p>[\/et_pb_text][\/et_pb_column][\/et_pb_row][et_pb_row _builder_version=&#8221;3.25&#8243; background_size=&#8221;initial&#8221; background_position=&#8221;top_left&#8221; background_repeat=&#8221;repeat&#8221;][et_pb_column type=&#8221;4_4&#8243; _builder_version=&#8221;3.25&#8243; custom_padding=&#8221;|||&#8221; custom_padding__hover=&#8221;|||&#8221;][et_pb_post_nav in_same_term=&#8221;off&#8221; prev_text=&#8221;%title&#8221; next_text=&#8221;%title&#8221; _builder_version=&#8221;3.17.6&#8243;]<br \/>\n[\/et_pb_post_nav][\/et_pb_column][\/et_pb_row][\/et_pb_section]<\/p>\n","protected":false},"excerpt":{"rendered":"<p>Mit Moritz Pahlsmeier kommt die vierte Generation in unser Unternehmen, das 1926 von seinem Urgro\u00dfvater gegr\u00fcndet wurde. Moritz war zuletzt im Export eines deutschen Markenanbieters f\u00fcr Holzfu\u00dfb\u00f6den und -dielen t\u00e4tig. Er liebt unsere Branche. Durch Reisen und Teilnahme an Fachmessen ist er vielen internationalen Kunden schon bekannt.&nbsp;<\/p>\n","protected":false},"author":2,"featured_media":55714,"comment_status":"closed","ping_status":"closed","sticky":false,"template":"","format":"standard","meta":{"_et_pb_use_builder":"on","_et_pb_old_content":"","_et_gb_content_width":"","ngg_post_thumbnail":0,"footnotes":""},"categories":[14],"tags":[267],"class_list":["post-55711","post","type-post","status-publish","format-standard","has-post-thumbnail","hentry","category-news","tag-moritz-pahlsmeier"],"_links":{"self":[{"href":"https:\/\/www.aquarium-munster.com\/pt-br\/wp-json\/wp\/v2\/posts\/55711","targetHints":{"allow":["GET"]}}],"collection":[{"href":"https:\/\/www.aquarium-munster.com\/pt-br\/wp-json\/wp\/v2\/posts"}],"about":[{"href":"https:\/\/www.aquarium-munster.com\/pt-br\/wp-json\/wp\/v2\/types\/post"}],"author":[{"embeddable":true,"href":"https:\/\/www.aquarium-munster.com\/pt-br\/wp-json\/wp\/v2\/users\/2"}],"replies":[{"embeddable":true,"href":"https:\/\/www.aquarium-munster.com\/pt-br\/wp-json\/wp\/v2\/comments?post=55711"}],"version-history":[{"count":0,"href":"https:\/\/www.aquarium-munster.com\/pt-br\/wp-json\/wp\/v2\/posts\/55711\/revisions"}],"wp:featuredmedia":[{"embeddable":true,"href":"https:\/\/www.aquarium-munster.com\/pt-br\/wp-json\/wp\/v2\/media\/55714"}],"wp:attachment":[{"href":"https:\/\/www.aquarium-munster.com\/pt-br\/wp-json\/wp\/v2\/media?parent=55711"}],"wp:term":[{"taxonomy":"category","embeddable":true,"href":"https:\/\/www.aquarium-munster.com\/pt-br\/wp-json\/wp\/v2\/categories?post=55711"},{"taxonomy":"post_tag","embeddable":true,"href":"https:\/\/www.aquarium-munster.com\/pt-br\/wp-json\/wp\/v2\/tags?post=55711"}],"curies":[{"name":"wp","href":"https:\/\/api.w.org\/{rel}","templated":true}]}}