{"id":55862,"date":"2020-06-26T16:35:23","date_gmt":"2020-06-26T14:35:23","guid":{"rendered":"https:\/\/www.aquarium-munster.com\/?p=55862"},"modified":"2020-06-26T16:40:30","modified_gmt":"2020-06-26T14:40:30","slug":"unbuerokratische-umsetzung-der-mwst-senkung-2","status":"publish","type":"post","link":"https:\/\/www.aquarium-munster.com\/pt-br\/unbuerokratische-umsetzung-der-mwst-senkung-2\/","title":{"rendered":"Unb\u00fcrokratische Umsetzung der MwSt-Senkung"},"content":{"rendered":"<p>[et_pb_section fb_built=&#8221;1&#8243; fullwidth=&#8221;on&#8221; _builder_version=&#8221;3.22&#8243; background_image=&#8221;https:\/\/www.aquarium-munster.com\/wp-content\/uploads\/2017\/11\/Header-Wasser.jpg&#8221; custom_padding=&#8221;0px|0px|63px|0px|false|false&#8221;][et_pb_fullwidth_post_title title=&#8221;off&#8221; meta=&#8221;off&#8221; date_format=&#8221;Y-m-d&#8221; featured_image=&#8221;off&#8221; text_color=&#8221;light&#8221; _builder_version=&#8221;3.19.15&#8243; title_text_align=&#8221;center&#8221; meta_text_align=&#8221;center&#8221; custom_padding=&#8221;||6%|&#8221;]<br \/>\n[\/et_pb_fullwidth_post_title][\/et_pb_section][et_pb_section fb_built=&#8221;1&#8243; _builder_version=&#8221;3.22&#8243; custom_padding=&#8221;0|0px|0px|0px|false|false&#8221;][et_pb_row _builder_version=&#8221;3.25&#8243; background_size=&#8221;initial&#8221; background_position=&#8221;top_left&#8221; background_repeat=&#8221;repeat&#8221; custom_padding=&#8221;30px|0px|0px|0px&#8221;][et_pb_column type=&#8221;4_4&#8243; _builder_version=&#8221;3.25&#8243; custom_padding=&#8221;|||&#8221; custom_padding__hover=&#8221;|||&#8221;][et_pb_text _builder_version=&#8221;4.4.7&#8243;]<\/p>\n<p>Zur F\u00f6rderung der Wirtschaft, die durch die Corona-Krise stark besch\u00e4digt ist, hat die Bundesregierung zum 1.&nbsp;Juli&nbsp;2020 eine tempor\u00e4re Mehrwertsteuersenkung beschlossen.<\/p>\n<p>Wir begr\u00fc\u00dfen diese Ma\u00dfnahme ausdr\u00fccklich. Da die gesenkten MwSt-S\u00e4tze aber voraussichtlich nur f\u00fcr sechs Monate gelten, empfehlen wir dem deutschen Fachhandel, die Verkaufspreise nicht zu \u00e4ndern und die Senkung der MwSt durch einen Rabatt an der Kasse an den Kunden weiterzugeben. Das Wirtschaftsministerium hat diese Vorgehensweise ausdr\u00fccklich \u00fcber eine Ausnahmeregelung erm\u00f6glicht, so dass Preisschilder im Einzelhandel nicht ge\u00e4ndert werden m\u00fcssen.<\/p>\n<p>Wir werden daher in H\u00e4ndlerpreislisten die unverbindliche Preisempfehlung zum 1. Juli nicht \u00e4ndern und empfehlen dem Handel, den Vorteil der gesenkten MwSt \u00fcber einen Rabatt an Verbraucher weiterzugeben.<\/p>\n<p>[\/et_pb_text][\/et_pb_column][\/et_pb_row][et_pb_row _builder_version=&#8221;3.25&#8243; background_size=&#8221;initial&#8221; background_position=&#8221;top_left&#8221; background_repeat=&#8221;repeat&#8221;][et_pb_column type=&#8221;4_4&#8243; _builder_version=&#8221;3.25&#8243; custom_padding=&#8221;|||&#8221; custom_padding__hover=&#8221;|||&#8221;][et_pb_post_nav in_same_term=&#8221;off&#8221; prev_text=&#8221;%title&#8221; next_text=&#8221;%title&#8221; _builder_version=&#8221;3.17.6&#8243;]<br \/>\n[\/et_pb_post_nav][\/et_pb_column][\/et_pb_row][\/et_pb_section]<\/p>\n","protected":false},"excerpt":{"rendered":"<p>Zur F\u00f6rderung der Wirtschaft, die durch die Corona-Krise stark besch\u00e4digt ist, hat die Bundesregierung zum 1.&nbsp;Juli&nbsp;2020 eine tempor\u00e4re Mehrwertsteuersenkung beschlossen. Wir begr\u00fc\u00dfen diese Ma\u00dfnahme ausdr\u00fccklich. Da die gesenkten MwSt-S\u00e4tze aber voraussichtlich nur f\u00fcr sechs Monate gelten, empfehlen wir dem deutschen Fachhandel, die Verkaufspreise nicht zu \u00e4ndern und die Senkung der MwSt durch einen Rabatt an [&hellip;]<\/p>\n","protected":false},"author":2,"featured_media":0,"comment_status":"closed","ping_status":"closed","sticky":false,"template":"","format":"standard","meta":{"_et_pb_use_builder":"on","_et_pb_old_content":"","_et_gb_content_width":"","ngg_post_thumbnail":0,"footnotes":""},"categories":[14],"tags":[294,288,287],"class_list":["post-55862","post","type-post","status-publish","format-standard","hentry","category-news","tag-corona-2","tag-mehrwertsteuer","tag-mwst"],"_links":{"self":[{"href":"https:\/\/www.aquarium-munster.com\/pt-br\/wp-json\/wp\/v2\/posts\/55862","targetHints":{"allow":["GET"]}}],"collection":[{"href":"https:\/\/www.aquarium-munster.com\/pt-br\/wp-json\/wp\/v2\/posts"}],"about":[{"href":"https:\/\/www.aquarium-munster.com\/pt-br\/wp-json\/wp\/v2\/types\/post"}],"author":[{"embeddable":true,"href":"https:\/\/www.aquarium-munster.com\/pt-br\/wp-json\/wp\/v2\/users\/2"}],"replies":[{"embeddable":true,"href":"https:\/\/www.aquarium-munster.com\/pt-br\/wp-json\/wp\/v2\/comments?post=55862"}],"version-history":[{"count":0,"href":"https:\/\/www.aquarium-munster.com\/pt-br\/wp-json\/wp\/v2\/posts\/55862\/revisions"}],"wp:attachment":[{"href":"https:\/\/www.aquarium-munster.com\/pt-br\/wp-json\/wp\/v2\/media?parent=55862"}],"wp:term":[{"taxonomy":"category","embeddable":true,"href":"https:\/\/www.aquarium-munster.com\/pt-br\/wp-json\/wp\/v2\/categories?post=55862"},{"taxonomy":"post_tag","embeddable":true,"href":"https:\/\/www.aquarium-munster.com\/pt-br\/wp-json\/wp\/v2\/tags?post=55862"}],"curies":[{"name":"wp","href":"https:\/\/api.w.org\/{rel}","templated":true}]}}